{"id":4431,"date":"2026-04-30T05:00:53","date_gmt":"2026-04-30T09:00:53","guid":{"rendered":"https:\/\/sindicatodercocenter.cl\/sdc\/?p=4431"},"modified":"2026-04-28T12:36:44","modified_gmt":"2026-04-28T16:36:44","slug":"saludo-1de-mayo-2026","status":"publish","type":"post","link":"https:\/\/sindicatodercocenter.cl\/sdc\/saludo-1de-mayo-2026\/","title":{"rendered":"Saludo 1\u00b0de Mayo"},"content":{"rendered":"<p><img loading=\"lazy\" decoding=\"async\" class=\"aligncenter size-full wp-image-4432\" src=\"https:\/\/sindicatodercocenter.cl\/sdc\/wp-content\/uploads\/2026\/04\/1mayo.jpg\" alt=\"\" width=\"660\" height=\"330\" srcset=\"https:\/\/sindicatodercocenter.cl\/sdc\/wp-content\/uploads\/2026\/04\/1mayo.jpg 660w, https:\/\/sindicatodercocenter.cl\/sdc\/wp-content\/uploads\/2026\/04\/1mayo-300x150.jpg 300w\" sizes=\"auto, (max-width: 660px) 100vw, 660px\" \/><\/p>\n<p>En este <strong>1\u00b0 de Mayo, D\u00eda Internacional de las Trabajadoras y los Trabajadores<\/strong>, saludamos fraternalmente a todas y todos los socios del <strong>Sindicato Dercocenter<\/strong>.<\/p>\n<p>En esta fecha tan significativa, queremos reconocer el esfuerzo, la responsabilidad y el compromiso diario de cada trabajador y trabajadora que, con su labor, contribuye al desarrollo de la empresa y al fortalecimiento de nuestra organizaci\u00f3n sindical.<\/p>\n<p>El trabajo digno, el respeto, la unidad y la defensa de nuestros derechos siguen siendo pilares fundamentales de nuestra acci\u00f3n colectiva. Por eso, este d\u00eda no solo nos invita a conmemorar la historia del movimiento trabajador, sino tambi\u00e9n a renovar nuestro compromiso con mejores condiciones laborales, mayor justicia y m\u00e1s bienestar para nuestras compa\u00f1eras y compa\u00f1eros.<\/p>\n<p>Reciban un afectuoso saludo en este <strong>D\u00eda Internacional de los Trabajadores<\/strong>.<\/p>\n<p><strong>Directiva Sindical<br \/>\nSindicato Dercocenter<\/strong><\/p>\n","protected":false},"excerpt":{"rendered":"<p>En este 1\u00b0 de Mayo, D\u00eda Internacional de las Trabajadoras y los Trabajadores, saludamos fraternalmente a todas y todos los socios del Sindicato Dercocenter. En esta fecha tan significativa, queremos reconocer el esfuerzo, la responsabilidad y el compromiso diario de cada trabajador y trabajadora que, con su labor, contribuye al desarrollo de la empresa y &hellip;<\/p>\n","protected":false},"author":1,"featured_media":4432,"comment_status":"closed","ping_status":"closed","sticky":false,"template":"","format":"standard","meta":{"footnotes":""},"categories":[26,1],"tags":[],"class_list":["post-4431","post","type-post","status-publish","format-standard","has-post-thumbnail","","category-26","category-noticias-de-sindicato"],"publishpress_future_action":{"enabled":false,"date":"2026-05-08 21:10:28","action":"change-status","newStatus":"draft","terms":[],"taxonomy":"category"},"publishpress_future_workflow_manual_trigger":{"enabledWorkflows":[]},"_links":{"self":[{"href":"https:\/\/sindicatodercocenter.cl\/sdc\/wp-json\/wp\/v2\/posts\/4431","targetHints":{"allow":["GET"]}}],"collection":[{"href":"https:\/\/sindicatodercocenter.cl\/sdc\/wp-json\/wp\/v2\/posts"}],"about":[{"href":"https:\/\/sindicatodercocenter.cl\/sdc\/wp-json\/wp\/v2\/types\/post"}],"author":[{"embeddable":true,"href":"https:\/\/sindicatodercocenter.cl\/sdc\/wp-json\/wp\/v2\/users\/1"}],"replies":[{"embeddable":true,"href":"https:\/\/sindicatodercocenter.cl\/sdc\/wp-json\/wp\/v2\/comments?post=4431"}],"version-history":[{"count":1,"href":"https:\/\/sindicatodercocenter.cl\/sdc\/wp-json\/wp\/v2\/posts\/4431\/revisions"}],"predecessor-version":[{"id":4433,"href":"https:\/\/sindicatodercocenter.cl\/sdc\/wp-json\/wp\/v2\/posts\/4431\/revisions\/4433"}],"wp:featuredmedia":[{"embeddable":true,"href":"https:\/\/sindicatodercocenter.cl\/sdc\/wp-json\/wp\/v2\/media\/4432"}],"wp:attachment":[{"href":"https:\/\/sindicatodercocenter.cl\/sdc\/wp-json\/wp\/v2\/media?parent=4431"}],"wp:term":[{"taxonomy":"category","embeddable":true,"href":"https:\/\/sindicatodercocenter.cl\/sdc\/wp-json\/wp\/v2\/categories?post=4431"},{"taxonomy":"post_tag","embeddable":true,"href":"https:\/\/sindicatodercocenter.cl\/sdc\/wp-json\/wp\/v2\/tags?post=4431"}],"curies":[{"name":"wp","href":"https:\/\/api.w.org\/{rel}","templated":true}]}}